{"id":35763,"date":"2019-12-03T12:38:37","date_gmt":"2019-12-03T11:38:37","guid":{"rendered":"https:\/\/www.sauter-controls.com\/?p=35763"},"modified":"2020-03-09T09:50:50","modified_gmt":"2020-03-09T08:50:50","slug":"sauter-recoit-la-commande-de-el-corte-ingles-pour-lespacio-caleido","status":"publish","type":"post","link":"https:\/\/www.sauter-controls.com\/fr\/sauter-recoit-la-commande-de-el-corte-ingles-pour-lespacio-caleido\/","title":{"rendered":"SAUTER re\u00e7oit la commande de El Corte Ingl\u00e9s pour l&rsquo;Espacio Caleido"},"content":{"rendered":"<p><em>El Corte Ingl\u00e9s s\u2019accapare l\u2019un des projets phares actuels dans le secteur de l\u2019alimentation et de la gastronomie espagnoles et SAUTER peut y contribuer. Le groupe de grands magasins a impos\u00e9 sa candidature \u00e0 la cha\u00eene haut de gamme S\u00e1nchez Romero et \u00e0 l\u2019entreprise de supermarch\u00e9s \u00e9cologiques Ecoveritas. Ceux-ci ont soumis une offre commune pour exploiter le supermarch\u00e9 qu\u2019abritera la galerie marchande de l\u2019Espacio Caleido, la cinqui\u00e8me tour en cours de construction dans le quartier d\u2019affaires de Madrid. L&rsquo;ouverture du projet est pr\u00e9vue en 2020.\u00a0 \u00a0 \u00a0 \u00a0 \u00a0<\/em><\/p>\n<figure id=\"attachment_37521\" class=\"thumbnail wp-caption alignnone\" style=\"width: 670px\"><img decoding=\"async\" class=\"img-responsive wp-image-37521 size-full\" src=\"https:\/\/www.sauter-controls.com\/wp-content\/uploads\/2020\/02\/Caleido-Madrid-Einkaufszentrum.jpg\" alt=\"\" width=\"660\" height=\"371\" srcset=\"https:\/\/www.sauter-controls.com\/wp-content\/uploads\/2020\/02\/Caleido-Madrid-Einkaufszentrum.jpg 660w, https:\/\/www.sauter-controls.com\/wp-content\/uploads\/2020\/02\/Caleido-Madrid-Einkaufszentrum-300x169.jpg 300w, https:\/\/www.sauter-controls.com\/wp-content\/uploads\/2020\/02\/Caleido-Madrid-Einkaufszentrum-225x126.jpg 225w\" sizes=\"(max-width: 660px) 100vw, 660px\" \/><figcaption class=\"caption wp-caption-text\">En 2020, un nouveau supermarch\u00e9 de El Corte Ingl\u00e9s \u00e0 Madrid sera ouvert, qui disposera \u00e9galement d&rsquo;un espace de restauration.<\/figcaption><\/figure>\n<p>Ce supermarch\u00e9 disposera d\u2019une superficie de 750 m\u00e8tres carr\u00e9s sur un seul \u00e9tage, dans la partie nord de l\u2019Espacio Caleido ; il devrait ouvrir ses portes fin 2020. Ce projet ne se limite pas non plus \u00e0 l\u2019exploitation d\u2019un supermarch\u00e9. Il pr\u00e9voit \u00e9galement l\u2019am\u00e9nagement d\u2019un espace gastronomique avec plusieurs emplacements proposant diff\u00e9rents types de cuisine, et de devenir ainsi un p\u00f4le gastronomique du site.<\/p>\n<h2>Un lieu de rencontre pour plusieurs groupes cibles<\/h2>\n<p>La soci\u00e9t\u00e9 Inmobiliaria Espacio du groupe Villar Mir et l\u2019entreprise philippine Megaworld Corporation d\u00e9tiennent respectivement 51\u00a0% et 49\u00a0% des parts de l\u2019Espacio Caleido. Le nombre et le profil des clients constituent le centre d\u2019int\u00e9r\u00eat de la galerie marchande de la cinqui\u00e8me tour.<\/p>\n<p>On estime environ que 17\u00a0500 personnes transitent par les Quatre tours, car elles abritent entre autres les si\u00e8ges d\u2019entreprises telles que Cepsa, PwC, KPMG, BAT, OHL, Mastercard ou Agbar, ainsi que l\u2019h\u00f4tel Eurostars Madrid Tower et plusieurs ambassades.<\/p>\n<p>Il faut ajouter \u00e0 ce chiffre les 10\u00a0000\u00a0personnes qui travaillent ou se rendent tous les jours \u00e0 l\u2019h\u00f4pital La Paz, situ\u00e9 \u00e0 proximit\u00e9, et les 6\u00a0500\u00a0personnes cens\u00e9es transiter tous les jours par la tour Caleido, laquelle abritera le si\u00e8ge de l\u2019IE Business School et un centre m\u00e9dical du groupe Quir\u00f3n Salud. On \u00e9value le trafic global \u00e0 34\u00a0000\u00a0personnes par jour.<\/p>\n<p>SAUTER participe au projet avec SAUTER Vision Center avec les commandes modulo 5 et ecos504.<\/p>\n<h2>Plus de 3 millions de visiteurs annuellement<\/h2>\n<p>Selon une \u00e9tude r\u00e9alis\u00e9e par GfK pour la soci\u00e9t\u00e9 Inmobiliaria Espacio, la tour Caleido devrait accueillir plus de trois millions de visiteurs par an. Cette \u00e9tude indique de plus que ce nombre ne devrait pas diminuer le week-end, p\u00e9riode o\u00f9 moins de personnes travaillent, car on est en droit d\u2019envisager que la singularit\u00e9 et la localisation de ce projet feront de l\u2019Espacio Caleido un lieu incontournable que les madril\u00e8nes fr\u00e9quenteront pendant leur temps libre.<\/p>\n<p>&nbsp;<\/p>\n<p>Le projet Caleido, en forme de T invers\u00e9, disposera de quatre espaces\u00a0:<\/p>\n<ul>\n<li>un espace \u00e9ducatif, dans la tour de 165\u00a0m\u00e8tres de haut et de 36\u00a0\u00e9tages, qui sera occup\u00e9 par l\u2019IE Business School<\/li>\n<li>un espace m\u00e9dical, avec une clinique du groupe Quir\u00f3n Salud sp\u00e9cialis\u00e9e dans le sport et le bien-\u00eatre<\/li>\n<li>dans une partie \u00e0 la base de la tour\u00a0; un parking en sous-sol avec plus de 2\u00a0000\u00a0places de stationnement<\/li>\n<li>une galerie marchande avec restaurants et magasins situ\u00e9s parmi les espaces verts qui entourent l\u2019\u00e9difice.<\/li>\n<\/ul>\n<p>Ce dernier espace occupera une superficie d\u2019environ 13\u00a0000\u00a0m\u00e8tres carr\u00e9s, dont approximativement 40\u00a0% r\u00e9serv\u00e9s aux restaurants. En outre, il sera \u00e9quip\u00e9 de 10\u00a0grands cubes d\u2019environ 170-320\u00a0m\u00e8tres carr\u00e9s, o\u00f9 l\u2019on esp\u00e8re que plusieurs marques prestigieuses viendront s\u2019installer. Ce projet pr\u00e9voit globalement d\u2019exploiter entre 70 et 80 locaux r\u00e9partis sur deux \u00e9tages, ainsi qu\u2019un gymnase, un cin\u00e9ma, un supermarch\u00e9 et un centre de conf\u00e9rences.<\/p>\n<p>Enfin, des espaces verts devraient \u00eatre am\u00e9nag\u00e9s sur 30\u00a0000\u00a0m\u00e8tres carr\u00e9s. Cet espace disposera au total d\u2019une surface de 70\u00a0000\u00a0m\u00e8tres carr\u00e9s, ce qui suppose un investissement de 300\u00a0millions d\u2019euros.<\/p>\n<p>\u00bb\u00a0<a href=\"https:\/\/www.sauter-controls.com\/wp-content\/uploads\/2019\/12\/Madrid-Caleido_FR.pdf\">T\u00e9l\u00e9charger le communiqu\u00e9<\/a><\/p>\n<p>&nbsp;<\/p>\n<h3>\u00c0 propos de SAUTER<\/h3>\n<p><em>En tant que premier prestataire mondial de <a href=\"https:\/\/www.sauter-controls.com\/fr\/innovation\/gestion-technique-de-batiments\/\">solutions d\u2019automatisation<\/a> des \u00ab\u00a0Green Buildings\u00a0\u00bb, SAUTER assure le confort et le climat ambiant optimal dans les environnements durables. Sp\u00e9cialiste en la mati\u00e8re, SAUTER d\u00e9veloppe, fabrique et commercialise des produits et des syst\u00e8mes pour des solutions globales \u00e9co\u00e9nerg\u00e9tiques, et assure l\u2019exploitation optimis\u00e9e en \u00e9nergie des b\u00e2timents gr\u00e2ce \u00e0 des prestations de service \u00e9tendues. De la planification \u00e0 l\u2019exploitation, en passant par la r\u00e9alisation, ces produits, solutions et prestations permettent d\u2019assurer durant tout le cycle de vie du b\u00e2timent une haute efficacit\u00e9 \u00e9nerg\u00e9tique dans <a href=\"https:\/\/www.sauter-controls.com\/fr\/secteurs\/burogebaude\/\">les bureaux<\/a>, les immeubles administratifs, les centres de recherche et de formation, <a href=\"https:\/\/www.sauter-controls.com\/fr\/secteurs\/sante\/\">les h\u00f4pitaux<\/a>, <a href=\"https:\/\/www.sauter-controls.com\/fr\/secteurs\/industrie\/\">les b\u00e2timents industriels<\/a>, <a href=\"https:\/\/www.sauter-controls.com\/fr\/secteurs\/life-science\/\">les laboratoires<\/a>, les a\u00e9roports, les centres de loisirs, les h\u00f4tels ou les centres de gestion des donn\u00e9es. Fort de plus de 100\u00a0ans d\u2019exp\u00e9rience et de comp\u00e9tences technologiques \u00e9prouv\u00e9es, SAUTER est un int\u00e9grateur de syst\u00e8mes confirm\u00e9, garantissant une innovation permanente et une qualit\u00e9 suisse. SAUTER fournit aux utilisateurs comme aux exploitants une vue d\u2019ensemble de leur consommation et de leurs flux d\u2019\u00e9nergie, et donc de l\u2019\u00e9volution des co\u00fbts.<\/em><\/p>\n<h3><a href=\"https:\/\/www.sauter-controls.com\/fr\/unternehmen\/qui-sommes-nous\/\">Groupe SAUTER<\/a><\/h3>\n<ul>\n<li>Entreprise domicili\u00e9e \u00e0 B\u00e2le (Suisse) et op\u00e9rant \u00e0 l\u2019\u00e9chelle mondiale<\/li>\n<li>Fond\u00e9e en 1910, jouissant de plus de <a href=\"https:\/\/www.sauter-controls.com\/fr\/unternehmen\/histoire\/\">100\u00a0ans de tradition<\/a> et d\u2019exp\u00e9rience<\/li>\n<li>Emploie plus de 2300\u00a0collaborateurs dans le monde entier<\/li>\n<li>Solutions compl\u00e8tes tout-en-un de gestion technique de b\u00e2timents<br \/>\nSouci primaire\u00a0: efficacit\u00e9 \u00e9nerg\u00e9tique maximale et d\u00e9veloppement durable<\/li>\n<li>S\u00e9curit\u00e9 des investissements et de l\u2019exploitation pendant tout le cycle de vie du b\u00e2timent<\/li>\n<li>Entreprise leader en mati\u00e8re de technologies pour l\u2019automatisation de b\u00e2timents et l\u2019int\u00e9gration syst\u00e8me<\/li>\n<li>Membre d\u2019<a href=\"https:\/\/www.eubac.org\/home\/index.html\">eu.bac<\/a>, de <a href=\"https:\/\/www.big-eu.org\/en\/\">BACnet Interest Group (BIG-EU)<\/a>, <a href=\"https:\/\/www.bacnetinternational.org\/\">BACnet International<\/a>, <a href=\"https:\/\/www.enocean.com\/en\/\">EnOcean Alliance<\/a><\/li>\n<li>R\u00e9f\u00e9rences de renom sur\u00a0<a href=\"https:\/\/www.sauter-controls.com\/fr\/\">sauter-controls.com<\/a><\/li>\n<\/ul>\n","protected":false},"excerpt":{"rendered":"<p>El Corte Ingl\u00e9s s\u2019accapare l\u2019un des projets phares actuels dans le secteur de l\u2019alimentation et de la gastronomie espagnoles et SAUTER peut y contribuer. Le groupe de grands magasins a impos\u00e9 sa candidature \u00e0 la cha\u00eene haut de gamme S\u00e1nchez Romero et \u00e0 l\u2019entreprise de supermarch\u00e9s \u00e9cologiques Ecoveritas. Ceux-ci ont soumis une offre commune pour [&hellip;]<\/p>\n","protected":false},"author":23,"featured_media":37521,"comment_status":"closed","ping_status":"closed","sticky":false,"template":"","format":"standard","meta":{"_acf_changed":false,"footnotes":""},"categories":[34],"tags":[725,730,736],"class_list":["post-35763","post","type-post","status-publish","format-standard","has-post-thumbnail","hentry","category-communiques-de-presse","tag-espacio-caleido","tag-sauter-iberica","tag-sauter-projects"],"acf":[],"yoast_head":"<!-- This site is optimized with the Yoast SEO plugin v26.1.1 - https:\/\/yoast.com\/wordpress\/plugins\/seo\/ -->\n<title>SAUTER re\u00e7oit la commande de El Corte Ingl\u00e9s pour l&#039;Espacio Caleido \u25ba sauter-controls.com<\/title>\n<meta name=\"robots\" content=\"index, follow, max-snippet:-1, max-image-preview:large, max-video-preview:-1\" \/>\n<link rel=\"canonical\" href=\"https:\/\/www.sauter-controls.com\/fr\/sauter-recoit-la-commande-de-el-corte-ingles-pour-lespacio-caleido\/\" \/>\n<meta property=\"og:locale\" content=\"fr_FR\" \/>\n<meta property=\"og:type\" content=\"article\" \/>\n<meta property=\"og:title\" content=\"SAUTER re\u00e7oit la commande de El Corte Ingl\u00e9s pour l&#039;Espacio Caleido \u25ba sauter-controls.com\" \/>\n<meta property=\"og:description\" content=\"El Corte Ingl\u00e9s s\u2019accapare l\u2019un des projets phares actuels dans le secteur de l\u2019alimentation et de la gastronomie espagnoles et SAUTER peut y contribuer. Le groupe de grands magasins a impos\u00e9 sa candidature \u00e0 la cha\u00eene haut de gamme S\u00e1nchez Romero et \u00e0 l\u2019entreprise de supermarch\u00e9s \u00e9cologiques Ecoveritas. Ceux-ci ont soumis une offre commune pour [&hellip;]\" \/>\n<meta property=\"og:url\" content=\"https:\/\/www.sauter-controls.com\/fr\/sauter-recoit-la-commande-de-el-corte-ingles-pour-lespacio-caleido\/\" \/>\n<meta property=\"og:site_name\" content=\"sauter-controls.com\" \/>\n<meta property=\"article:published_time\" content=\"2019-12-03T11:38:37+00:00\" \/>\n<meta property=\"article:modified_time\" content=\"2020-03-09T08:50:50+00:00\" \/>\n<meta property=\"og:image\" content=\"https:\/\/www.sauter-controls.com\/wp-content\/uploads\/2020\/02\/Caleido-Madrid-Einkaufszentrum.jpg\" \/>\n\t<meta property=\"og:image:width\" content=\"660\" \/>\n\t<meta property=\"og:image:height\" content=\"371\" \/>\n\t<meta property=\"og:image:type\" content=\"image\/jpeg\" \/>\n<meta name=\"author\" content=\"Lucie Susselin\" \/>\n<meta name=\"twitter:card\" content=\"summary_large_image\" \/>\n<meta name=\"twitter:label1\" content=\"\u00c9crit par\" \/>\n\t<meta name=\"twitter:data1\" content=\"Lucie Susselin\" \/>\n\t<meta name=\"twitter:label2\" content=\"Dur\u00e9e de lecture estim\u00e9e\" \/>\n\t<meta name=\"twitter:data2\" content=\"5 minutes\" \/>\n<script type=\"application\/ld+json\" class=\"yoast-schema-graph\">{\"@context\":\"https:\/\/schema.org\",\"@graph\":[{\"@type\":\"WebPage\",\"@id\":\"https:\/\/www.sauter-controls.com\/fr\/sauter-recoit-la-commande-de-el-corte-ingles-pour-lespacio-caleido\/\",\"url\":\"https:\/\/www.sauter-controls.com\/fr\/sauter-recoit-la-commande-de-el-corte-ingles-pour-lespacio-caleido\/\",\"name\":\"SAUTER re\u00e7oit la commande de El Corte Ingl\u00e9s pour l'Espacio Caleido \u25ba sauter-controls.com\",\"isPartOf\":{\"@id\":\"https:\/\/www.sauter-controls.com\/en\/#website\"},\"primaryImageOfPage\":{\"@id\":\"https:\/\/www.sauter-controls.com\/fr\/sauter-recoit-la-commande-de-el-corte-ingles-pour-lespacio-caleido\/#primaryimage\"},\"image\":{\"@id\":\"https:\/\/www.sauter-controls.com\/fr\/sauter-recoit-la-commande-de-el-corte-ingles-pour-lespacio-caleido\/#primaryimage\"},\"thumbnailUrl\":\"https:\/\/www.sauter-controls.com\/wp-content\/uploads\/2020\/02\/Caleido-Madrid-Einkaufszentrum.jpg\",\"datePublished\":\"2019-12-03T11:38:37+00:00\",\"dateModified\":\"2020-03-09T08:50:50+00:00\",\"author\":{\"@id\":\"https:\/\/www.sauter-controls.com\/en\/#\/schema\/person\/51b342003dd41bd19c810528a6f8af1c\"},\"breadcrumb\":{\"@id\":\"https:\/\/www.sauter-controls.com\/fr\/sauter-recoit-la-commande-de-el-corte-ingles-pour-lespacio-caleido\/#breadcrumb\"},\"inLanguage\":\"fr-FR\",\"potentialAction\":[{\"@type\":\"ReadAction\",\"target\":[\"https:\/\/www.sauter-controls.com\/fr\/sauter-recoit-la-commande-de-el-corte-ingles-pour-lespacio-caleido\/\"]}]},{\"@type\":\"ImageObject\",\"inLanguage\":\"fr-FR\",\"@id\":\"https:\/\/www.sauter-controls.com\/fr\/sauter-recoit-la-commande-de-el-corte-ingles-pour-lespacio-caleido\/#primaryimage\",\"url\":\"https:\/\/www.sauter-controls.com\/wp-content\/uploads\/2020\/02\/Caleido-Madrid-Einkaufszentrum.jpg\",\"contentUrl\":\"https:\/\/www.sauter-controls.com\/wp-content\/uploads\/2020\/02\/Caleido-Madrid-Einkaufszentrum.jpg\",\"width\":660,\"height\":371},{\"@type\":\"BreadcrumbList\",\"@id\":\"https:\/\/www.sauter-controls.com\/fr\/sauter-recoit-la-commande-de-el-corte-ingles-pour-lespacio-caleido\/#breadcrumb\",\"itemListElement\":[{\"@type\":\"ListItem\",\"position\":1,\"name\":\"Home\",\"item\":\"https:\/\/www.sauter-controls.com\/fr\/\"},{\"@type\":\"ListItem\",\"position\":2,\"name\":\"SAUTER re\u00e7oit la commande de El Corte Ingl\u00e9s pour l&#8217;Espacio Caleido\"}]},{\"@type\":\"WebSite\",\"@id\":\"https:\/\/www.sauter-controls.com\/en\/#website\",\"url\":\"https:\/\/www.sauter-controls.com\/en\/\",\"name\":\"sauter-controls.com\",\"description\":\"\",\"potentialAction\":[{\"@type\":\"SearchAction\",\"target\":{\"@type\":\"EntryPoint\",\"urlTemplate\":\"https:\/\/www.sauter-controls.com\/en\/?s={search_term_string}\"},\"query-input\":{\"@type\":\"PropertyValueSpecification\",\"valueRequired\":true,\"valueName\":\"search_term_string\"}}],\"inLanguage\":\"fr-FR\"},{\"@type\":\"Person\",\"@id\":\"https:\/\/www.sauter-controls.com\/en\/#\/schema\/person\/51b342003dd41bd19c810528a6f8af1c\",\"name\":\"Lucie Susselin\"}]}<\/script>\n<!-- \/ Yoast SEO plugin. -->","yoast_head_json":{"title":"SAUTER re\u00e7oit la commande de El Corte Ingl\u00e9s pour l'Espacio Caleido \u25ba sauter-controls.com","robots":{"index":"index","follow":"follow","max-snippet":"max-snippet:-1","max-image-preview":"max-image-preview:large","max-video-preview":"max-video-preview:-1"},"canonical":"https:\/\/www.sauter-controls.com\/fr\/sauter-recoit-la-commande-de-el-corte-ingles-pour-lespacio-caleido\/","og_locale":"fr_FR","og_type":"article","og_title":"SAUTER re\u00e7oit la commande de El Corte Ingl\u00e9s pour l'Espacio Caleido \u25ba sauter-controls.com","og_description":"El Corte Ingl\u00e9s s\u2019accapare l\u2019un des projets phares actuels dans le secteur de l\u2019alimentation et de la gastronomie espagnoles et SAUTER peut y contribuer. Le groupe de grands magasins a impos\u00e9 sa candidature \u00e0 la cha\u00eene haut de gamme S\u00e1nchez Romero et \u00e0 l\u2019entreprise de supermarch\u00e9s \u00e9cologiques Ecoveritas. Ceux-ci ont soumis une offre commune pour [&hellip;]","og_url":"https:\/\/www.sauter-controls.com\/fr\/sauter-recoit-la-commande-de-el-corte-ingles-pour-lespacio-caleido\/","og_site_name":"sauter-controls.com","article_published_time":"2019-12-03T11:38:37+00:00","article_modified_time":"2020-03-09T08:50:50+00:00","og_image":[{"width":660,"height":371,"url":"https:\/\/www.sauter-controls.com\/wp-content\/uploads\/2020\/02\/Caleido-Madrid-Einkaufszentrum.jpg","type":"image\/jpeg"}],"author":"Lucie Susselin","twitter_card":"summary_large_image","twitter_misc":{"\u00c9crit par":"Lucie Susselin","Dur\u00e9e de lecture estim\u00e9e":"5 minutes"},"schema":{"@context":"https:\/\/schema.org","@graph":[{"@type":"WebPage","@id":"https:\/\/www.sauter-controls.com\/fr\/sauter-recoit-la-commande-de-el-corte-ingles-pour-lespacio-caleido\/","url":"https:\/\/www.sauter-controls.com\/fr\/sauter-recoit-la-commande-de-el-corte-ingles-pour-lespacio-caleido\/","name":"SAUTER re\u00e7oit la commande de El Corte Ingl\u00e9s pour l'Espacio Caleido \u25ba sauter-controls.com","isPartOf":{"@id":"https:\/\/www.sauter-controls.com\/en\/#website"},"primaryImageOfPage":{"@id":"https:\/\/www.sauter-controls.com\/fr\/sauter-recoit-la-commande-de-el-corte-ingles-pour-lespacio-caleido\/#primaryimage"},"image":{"@id":"https:\/\/www.sauter-controls.com\/fr\/sauter-recoit-la-commande-de-el-corte-ingles-pour-lespacio-caleido\/#primaryimage"},"thumbnailUrl":"https:\/\/www.sauter-controls.com\/wp-content\/uploads\/2020\/02\/Caleido-Madrid-Einkaufszentrum.jpg","datePublished":"2019-12-03T11:38:37+00:00","dateModified":"2020-03-09T08:50:50+00:00","author":{"@id":"https:\/\/www.sauter-controls.com\/en\/#\/schema\/person\/51b342003dd41bd19c810528a6f8af1c"},"breadcrumb":{"@id":"https:\/\/www.sauter-controls.com\/fr\/sauter-recoit-la-commande-de-el-corte-ingles-pour-lespacio-caleido\/#breadcrumb"},"inLanguage":"fr-FR","potentialAction":[{"@type":"ReadAction","target":["https:\/\/www.sauter-controls.com\/fr\/sauter-recoit-la-commande-de-el-corte-ingles-pour-lespacio-caleido\/"]}]},{"@type":"ImageObject","inLanguage":"fr-FR","@id":"https:\/\/www.sauter-controls.com\/fr\/sauter-recoit-la-commande-de-el-corte-ingles-pour-lespacio-caleido\/#primaryimage","url":"https:\/\/www.sauter-controls.com\/wp-content\/uploads\/2020\/02\/Caleido-Madrid-Einkaufszentrum.jpg","contentUrl":"https:\/\/www.sauter-controls.com\/wp-content\/uploads\/2020\/02\/Caleido-Madrid-Einkaufszentrum.jpg","width":660,"height":371},{"@type":"BreadcrumbList","@id":"https:\/\/www.sauter-controls.com\/fr\/sauter-recoit-la-commande-de-el-corte-ingles-pour-lespacio-caleido\/#breadcrumb","itemListElement":[{"@type":"ListItem","position":1,"name":"Home","item":"https:\/\/www.sauter-controls.com\/fr\/"},{"@type":"ListItem","position":2,"name":"SAUTER re\u00e7oit la commande de El Corte Ingl\u00e9s pour l&#8217;Espacio Caleido"}]},{"@type":"WebSite","@id":"https:\/\/www.sauter-controls.com\/en\/#website","url":"https:\/\/www.sauter-controls.com\/en\/","name":"sauter-controls.com","description":"","potentialAction":[{"@type":"SearchAction","target":{"@type":"EntryPoint","urlTemplate":"https:\/\/www.sauter-controls.com\/en\/?s={search_term_string}"},"query-input":{"@type":"PropertyValueSpecification","valueRequired":true,"valueName":"search_term_string"}}],"inLanguage":"fr-FR"},{"@type":"Person","@id":"https:\/\/www.sauter-controls.com\/en\/#\/schema\/person\/51b342003dd41bd19c810528a6f8af1c","name":"Lucie Susselin"}]}},"_links":{"self":[{"href":"https:\/\/www.sauter-controls.com\/fr\/wp-json\/wp\/v2\/posts\/35763","targetHints":{"allow":["GET"]}}],"collection":[{"href":"https:\/\/www.sauter-controls.com\/fr\/wp-json\/wp\/v2\/posts"}],"about":[{"href":"https:\/\/www.sauter-controls.com\/fr\/wp-json\/wp\/v2\/types\/post"}],"author":[{"embeddable":true,"href":"https:\/\/www.sauter-controls.com\/fr\/wp-json\/wp\/v2\/users\/23"}],"replies":[{"embeddable":true,"href":"https:\/\/www.sauter-controls.com\/fr\/wp-json\/wp\/v2\/comments?post=35763"}],"version-history":[{"count":8,"href":"https:\/\/www.sauter-controls.com\/fr\/wp-json\/wp\/v2\/posts\/35763\/revisions"}],"predecessor-version":[{"id":37524,"href":"https:\/\/www.sauter-controls.com\/fr\/wp-json\/wp\/v2\/posts\/35763\/revisions\/37524"}],"wp:featuredmedia":[{"embeddable":true,"href":"https:\/\/www.sauter-controls.com\/fr\/wp-json\/wp\/v2\/media\/37521"}],"wp:attachment":[{"href":"https:\/\/www.sauter-controls.com\/fr\/wp-json\/wp\/v2\/media?parent=35763"}],"wp:term":[{"taxonomy":"category","embeddable":true,"href":"https:\/\/www.sauter-controls.com\/fr\/wp-json\/wp\/v2\/categories?post=35763"},{"taxonomy":"post_tag","embeddable":true,"href":"https:\/\/www.sauter-controls.com\/fr\/wp-json\/wp\/v2\/tags?post=35763"}],"curies":[{"name":"wp","href":"https:\/\/api.w.org\/{rel}","templated":true}]}}